{"id":1138,"date":"2025-08-27T12:06:15","date_gmt":"2025-08-27T12:06:15","guid":{"rendered":"https:\/\/inasar.org\/index.php\/2025\/08\/27\/epiteszet-es-fenntarthatosag-az-innovativ-anyagok-szerepe-a-modern-epuletek-tervezeseben\/"},"modified":"2025-08-27T12:06:15","modified_gmt":"2025-08-27T12:06:15","slug":"epiteszet-es-fenntarthatosag-az-innovativ-anyagok-szerepe-a-modern-epuletek-tervezeseben","status":"publish","type":"post","link":"https:\/\/inasar.org\/index.php\/2025\/08\/27\/epiteszet-es-fenntarthatosag-az-innovativ-anyagok-szerepe-a-modern-epuletek-tervezeseben\/","title":{"rendered":"\u00c9p\u00edt\u00e9szet \u00e9s fenntarthat\u00f3s\u00e1g: Az innovat\u00edv anyagok szerepe a modern \u00e9p\u00fcletek tervez\u00e9s\u00e9ben"},"content":{"rendered":"<p>Az \u00e9p\u00edt\u00e9szet t\u00f6rt\u00e9nelme sor\u00e1n folyamatosan alkalmazkodott a k\u00f6rnyezeti kih\u00edv\u00e1sokhoz \u00e9s az innovat\u00edv technol\u00f3gi\u00e1khoz. Napjainkban a fenntarthat\u00f3 fejl\u0151d\u00e9s \u00e9s az energiatakar\u00e9koss\u00e1g nem csup\u00e1n trend, hanem alapvet\u0151 elv\u00e1r\u00e1s az \u00e9p\u00fcletek terveinek kialak\u00edt\u00e1s\u00e1ban. Az egyik kulcsfontoss\u00e1g\u00fa t\u00e9nyez\u0151 ebben a folyamatban az anyagok kiv\u00e1laszt\u00e1sa \u00e9s azok k\u00f6rnyezeti hat\u00e1sai.<\/p>\n<h2>Az \u00e9p\u00edt\u0151anyagok evol\u00faci\u00f3ja \u00e9s a fenntarthat\u00f3s\u00e1g kapcsolata<\/h2>\n<p>Kor\u00e1bban az \u00e9p\u00fcletek els\u0151sorban helyi anyagok felhaszn\u00e1l\u00e1s\u00e1val k\u00e9sz\u00fcltek, mint p\u00e9ld\u00e1ul a v\u00e1lyog, fa vagy k\u0151. Azonban a modern \u00e9p\u00edt\u00e9szet glob\u00e1lis kih\u00edv\u00e1sokkal szembes\u00fcl, mint az energiahat\u00e9konys\u00e1g, az alacsony karbonl\u00e1bnyom \u00e9s a k\u00f6rnyezetbar\u00e1t gy\u00e1rt\u00e1si folyamatok. Ennek eredm\u00e9nyek\u00e9nt a kutat\u00f3k \u00e9s m\u00e9rn\u00f6k\u00f6k olyan innovat\u00edv anyagokat fejlesztenek, amelyek nemcsak megn\u00f6velt tart\u00f3ss\u00e1ggal \u00e9s jobb h\u0151szigetel\u00e9ssel rendelkeznek, hanem k\u00f6rnyezetbar\u00e1tabbak is.<\/p>\n<h2>Innovat\u00edv anyagok \u00e9s technol\u00f3gi\u00e1k az \u00e9p\u00edt\u00e9szetben<\/h2>\n<p>Az egyik \u00edg\u00e9retes ir\u00e1ny p\u00e9ld\u00e1ul a v\u00e1laszfalak \u00e9s homlokzatok szigetel\u00e9s\u00e9ben alkalmazott bio-alap\u00fa kompoz\u00edci\u00f3k, melyek biomassz\u00e1b\u00f3l sz\u00e1rmaznak, illetve \u00faj t\u00edpus\u00fa \u00fcvegszerkezetek, amelyek cs\u00f6kkentik az energiavesztes\u00e9get \u00e9s \u00fajrahasznos\u00edthat\u00f3k. Emellett a nanotechnol\u00f3gia lehet\u0151v\u00e9 teszi a fel\u00fcletek vastagb\u00e9ltelen\u00edt\u00e9s\u00e9t, \u00edgy n\u00f6velve azok tart\u00f3ss\u00e1g\u00e1t \u00e9s cs\u00f6kkentve a karbantart\u00e1si ig\u00e9nyeket.<\/p>\n<h2>Szab\u00e1lyoz\u00e1si keretek \u00e9s min\u0151s\u00edt\u00e9si rendszerek<\/h2>\n<p>A fenntarthat\u00f3 \u00e9p\u00edt\u00e9szet ter\u00fclet\u00e9n m\u0171k\u00f6d\u0151 min\u0151s\u00edt\u00e9si rendszerek, mint p\u00e9ld\u00e1ul a BREEAM vagy a LEED, szigor\u00faan \u00e9rt\u00e9kelik az anyagv\u00e1laszt\u00e1s\u00e1t \u00e9s annak k\u00f6rnyezeti hat\u00e1sait. Ezek a rendszerek \u00f6szt\u00f6nzik az innovat\u00edv \u00e9s k\u00f6rnyezetbar\u00e1t technol\u00f3gi\u00e1k alkalmaz\u00e1s\u00e1t, biztos\u00edtva, hogy az \u00e9p\u00fcletek megfeleljenek a nemzetk\u00f6zi fenntarthat\u00f3s\u00e1gi elv\u00e1r\u00e1soknak. A t\u00e1bl\u00e1zat al\u00e1bb \u00f6sszegzi ezeket a krit\u00e9riumokat:<\/p>\n<table>\n<thead>\n<tr>\n<th>Krit\u00e9rium<\/th>\n<th>Le\u00edr\u00e1s<\/th>\n<\/tr>\n<\/thead>\n<tbody>\n<tr>\n<td>Energiahat\u00e9konys\u00e1g<\/td>\n<td>Az \u00e9p\u00fclet szigetel\u00e9se \u00e9s technol\u00f3giai rendszerei minimaliz\u00e1lj\u00e1k az energiafelhaszn\u00e1l\u00e1st.<\/td>\n<\/tr>\n<tr>\n<td>K\u00f6rnyezeti hat\u00e1s<\/td>\n<td>A haszn\u00e1lt anyagok k\u00f6rnyezetre gyakorolt hat\u00e1sa minimaliz\u00e1lt, p\u00e9ld\u00e1ul \u00fajrahasznos\u00edt\u00e1s vagy biol\u00f3giai \u00faton leboml\u00f3 komponensek alkalmaz\u00e1s\u00e1val.<\/td>\n<\/tr>\n<tr>\n<td>\u00c9lettartam<\/td>\n<td>Az anyagok tart\u00f3ss\u00e1ga \u00e9s karbantart\u00e1sig\u00e9nye cs\u00f6kkenti az \u00e9p\u00fclet k\u00f6rnyezetre gyakorolt hat\u00e1s\u00e1t hossz\u00fa t\u00e1von.<\/td>\n<\/tr>\n<\/tbody>\n<\/table>\n<h2>A fenntarthat\u00f3 \u00e9p\u00edt\u00e9szeti anyagok p\u00e9ld\u00e1i<\/h2>\n<ul>\n<li><strong>Bambusz:<\/strong> gyorsan n\u00f6v\u0151, fenntarthat\u00f3 er\u0151forr\u00e1s, mely felhaszn\u00e1lhat\u00f3 szerkezetekben \u00e9s burkolatokban.<\/li>\n<li><strong>Recycelt ac\u00e9l:<\/strong> magas szint\u0171 \u00fajrahasznos\u00edt\u00e1s, cs\u00f6kkentett k\u00f6rnyezeti terhel\u00e9s mellett alkalmazhat\u00f3 a v\u00e1z\u00e9p\u00edt\u00e9sben.<\/li>\n<li><strong>H\u0151reflex\u00edv szigetel\u0151 anyagok:<\/strong> nanotechnol\u00f3gi\u00e1val jav\u00edtott szigetel\u0151 anyagok, amelyek jelent\u0151sen cs\u00f6kkentik az energiaig\u00e9nyt.<\/li>\n<\/ul>\n<h2>Az anyagtechnol\u00f3gia j\u00f6v\u0151je<\/h2>\n<blockquote><p>\n\u201eA fenntarthat\u00f3 \u00e9p\u00edt\u0151anyagok fejleszt\u00e9se r\u00e9v\u00e9n a j\u00f6v\u0151 \u00e9p\u00edt\u00e9szete k\u00e9pes lesz jelent\u0151sen cs\u00f6kkenteni a k\u00f6rnyezeti l\u00e1bnyomot, mik\u00f6zben n\u00f6veli az \u00e9p\u00fcletek \u00e9lettartam\u00e1t \u00e9s energiahat\u00e9konys\u00e1g\u00e1t.\u201d\n<\/p><\/blockquote>\n<p>Amikor komplex \u00e9p\u00edt\u00e9szeti projektek tervez\u00e9s\u00e9hez keres\u00fcnk megb\u00edzhat\u00f3 inform\u00e1ci\u00f3forr\u00e1st, fontos az olyan hiteles forr\u00e1sokra t\u00e1maszkodni, mint p\u00e9ld\u00e1ul a <a href=\"https:\/\/cazeus-hungary.com\/\">www.cazeus-hungary.com<\/a>. Ezek az oldalak r\u00e9szletes adatokkal szolg\u00e1lnak az anyaggy\u00e1rt\u00e1s aktu\u00e1lis trendjeir\u0151l, innovat\u00edv anyagbe\u00e1ll\u00edt\u00e1sokr\u00f3l, \u00e9s seg\u00edtenek az \u00e9p\u00edt\u00e9szeknek \u00e9s m\u00e9rn\u00f6k\u00f6knek megtal\u00e1lni a legk\u00f6rnyezetbar\u00e1tabb megold\u00e1sokat.<\/p>\n<h2>\u00d6sszegz\u00e9s<\/h2>\n<p>Az \u00e9p\u00edt\u00e9szeti anyagok folyamatos innov\u00e1ci\u00f3ja alapvet\u0151 szerepet j\u00e1tszik a fenntarthat\u00f3 fejl\u0151d\u00e9s el\u00e9r\u00e9s\u00e9ben. A k\u00f6rnyezetbar\u00e1t, magas teljes\u00edtm\u00e9ny\u0171 anyagok alkalmaz\u00e1s\u00e1val nemcsak az energiahat\u00e9konys\u00e1g n\u00f6velhet\u0151, hanem az \u00e9p\u00fcletek m\u0171k\u00f6d\u00e9se is hosszabb t\u00e1von fenntarthat\u00f3bb\u00e1 v\u00e1lik. A j\u00f6v\u0151 \u00e9p\u00edt\u00e9szete az anyagok fejleszt\u00e9s\u00e9ben \u00e9s alkalmaz\u00e1s\u00e1ban rejlik, ahol a technol\u00f3gia \u00e9s a fenntarthat\u00f3s\u00e1g egy\u00fcttm\u0171k\u00f6d\u00e9se a kulcs.<\/p>\n","protected":false},"excerpt":{"rendered":"<p>Az \u00e9p\u00edt\u00e9szet t\u00f6rt\u00e9nelme sor\u00e1n folyamatosan alkalmazkodott a k\u00f6rnyezeti kih\u00edv\u00e1sokhoz \u00e9s az innovat\u00edv technol\u00f3gi\u00e1khoz. Napjainkban a fenntarthat\u00f3 fejl\u0151d\u00e9s \u00e9s az energiatakar\u00e9koss\u00e1g nem csup\u00e1n trend, hanem alapvet\u0151 elv\u00e1r\u00e1s az \u00e9p\u00fcletek terveinek kialak\u00edt\u00e1s\u00e1ban. Az egyik kulcsfontoss\u00e1g\u00fa t\u00e9nyez\u0151 ebben a folyamatban az anyagok kiv\u00e1laszt\u00e1sa \u00e9s azok k\u00f6rnyezeti hat\u00e1sai. Az \u00e9p\u00edt\u0151anyagok evol\u00faci\u00f3ja \u00e9s a fenntarthat\u00f3s\u00e1g kapcsolata Kor\u00e1bban az \u00e9p\u00fcletek els\u0151sorban [&hellip;]<\/p>\n","protected":false},"author":1,"featured_media":0,"comment_status":"open","ping_status":"open","sticky":false,"template":"","format":"standard","meta":[],"categories":[1],"tags":[],"_links":{"self":[{"href":"https:\/\/inasar.org\/index.php\/wp-json\/wp\/v2\/posts\/1138"}],"collection":[{"href":"https:\/\/inasar.org\/index.php\/wp-json\/wp\/v2\/posts"}],"about":[{"href":"https:\/\/inasar.org\/index.php\/wp-json\/wp\/v2\/types\/post"}],"author":[{"embeddable":true,"href":"https:\/\/inasar.org\/index.php\/wp-json\/wp\/v2\/users\/1"}],"replies":[{"embeddable":true,"href":"https:\/\/inasar.org\/index.php\/wp-json\/wp\/v2\/comments?post=1138"}],"version-history":[{"count":0,"href":"https:\/\/inasar.org\/index.php\/wp-json\/wp\/v2\/posts\/1138\/revisions"}],"wp:attachment":[{"href":"https:\/\/inasar.org\/index.php\/wp-json\/wp\/v2\/media?parent=1138"}],"wp:term":[{"taxonomy":"category","embeddable":true,"href":"https:\/\/inasar.org\/index.php\/wp-json\/wp\/v2\/categories?post=1138"},{"taxonomy":"post_tag","embeddable":true,"href":"https:\/\/inasar.org\/index.php\/wp-json\/wp\/v2\/tags?post=1138"}],"curies":[{"name":"wp","href":"https:\/\/api.w.org\/{rel}","templated":true}]}}